{"id":1080,"date":"2017-10-07T10:50:52","date_gmt":"2017-10-07T10:50:52","guid":{"rendered":"http:\/\/dicanapoli.it\/?p=1080"},"modified":"2022-05-05T18:21:55","modified_gmt":"2022-05-05T16:21:55","slug":"6-risposte-per-genitori-di-pazienti-con-dca","status":"publish","type":"post","link":"http:\/\/dicanapoli.it\/en\/6-risposte-per-genitori-di-pazienti-con-dca\/","title":{"rendered":"6 RISPOSTE PER GENITORI DI PAZIENTI CON DCA"},"content":{"rendered":"<h1 style=\"text-align: center;\">6 Risposte per Genitori di Pazienti con un Disturbo del Comportamento Alimentare<\/h1>\n<p lang=\"zxx\" align=\"justify\"><span style=\"font-size: medium;\">Per un genitore, <strong>affrontare il<\/strong> <a href=\"http:\/\/dicanapoli.it\/en\/i-disturbi-alimentari\/\" target=\"_blank\" rel=\"noopener\"><strong>Disturbo Alimentare<\/strong><\/a> <strong>del proprio figlio o della propria figlia \u00e8 sempre devastante<\/strong>. Ci si ritrova spaesati e angosciati, e a volte la prima reazione \u00e8 la <strong>negazione<\/strong> e <strong>fingere che vada tutto bene<\/strong>. Altre volte, anche se si sospetta che qualcosa nel proprio\/a figlio\/a non vada, <strong>non si riescono a riconoscere i sintomi di un Disturbo Alimentare<\/strong>. <\/span><\/p>\n<p lang=\"zxx\" align=\"justify\"><span style=\"font-size: medium;\">In questo articolo abbiamo risposto ad alcune delle domande pi\u00f9 comuni di un genitore di un paziente con un DCA, sperando di fare un po&#8217; di chiarezza su un argomento su cui c&#8217;\u00e8 ancora pochissima conoscenza e informazione.<\/span><\/p>\n<p lang=\"zxx\" align=\"justify\"><strong><span style=\"font-size: medium;\"><i>Se mia\/o figlia\/o non dimagrisce, allora non \u00e8 affetto\/a da un Disturbo Alimentare. <\/i><\/span><\/strong><\/p>\n<p lang=\"zxx\" align=\"justify\"><span style=\"font-size: medium;\">Non \u00e8 vero. Ci sono <strong>alcuni DCA che non si presentano con restrizioni alimentari n\u00e8 con perdita di peso evidente<\/strong> (la <strong><a href=\"http:\/\/dicanapoli.it\/en\/?post_type=onepage&amp;p=366\" target=\"_blank\" rel=\"noopener\">bulimia nervosa<\/a><\/strong> e il <strong><a href=\"http:\/\/dicanapoli.it\/en\/?post_type=onepage&amp;p=378\" target=\"_blank\" rel=\"noopener\">binge eating disorder<\/a><\/strong>, per esempio, si manifestano con <strong>abbuffate incontrollate<\/strong> e, nel primo caso, con <strong>comportamenti di compenso<\/strong> come il <strong>vomito<\/strong> o l&#8217;assunzione di <strong>lassativi<\/strong>). La stessa <strong><a href=\"http:\/\/dicanapoli.it\/en\/?post_type=onepage&amp;p=315\" target=\"_blank\" rel=\"noopener\">anoressia nervosa<\/a><\/strong>, inoltre, pur essendo caratterizzata da progressiva riduzione delle calorie assunte, <strong>pu\u00f2 essere presente anche in un individuo con un indice di massa corporea nella norma<\/strong>.<\/span><\/p>\n<p lang=\"zxx\" align=\"justify\"><strong><span style=\"font-size: medium;\"><i>Mio\/a figlio\/a non \u00e8 pi\u00f9 un adolescente. Non devo preoccuparmi dei dca perch\u00e9 sono malattie da teenagers.<\/i><\/span><\/strong><\/p>\n<p lang=\"zxx\" align=\"justify\"><span style=\"font-size: medium;\">Non \u00e8 cos\u00ec. <strong>Le persone possono ammalarsi di Disturbi Alimentari a qualsiasi et\u00e0.<\/strong> Gli adulti possono sia sviluppare un DCA per la prima volta nella vita, sia soffrire per una riacutizzazione della malattia che avevano gi\u00e0 in precedenza, soprattutto se non hanno ricevuto un corretto trattamento. <\/span><\/p>\n<p lang=\"zxx\" align=\"justify\"><strong><span style=\"font-size: medium;\"><i>Mio\/a figlio\/a \u00e8 troppo piccolo\/a per soffrire di un DCA. <\/i><\/span><\/strong><\/p>\n<p lang=\"zxx\" align=\"justify\"><span style=\"font-size: medium;\">Purtroppo, recenti studi hanno dimostrato che <strong>l&#8217;et\u00e0 media di incidenza dei Disturbi Alimentari si sta abbassando<\/strong>, con casi di DCA anche in bambini di appena<strong> 8-9 anni<\/strong>. Alcune evidenze, inoltre, dimostrano anche che segni premonitori possono comparire ancora prima di quell&#8217;et\u00e0. <\/span><\/p>\n<p lang=\"zxx\" align=\"justify\"><strong><span style=\"font-size: medium;\"><i>Mio\/a figlio\/a sembra normale davanti a me, quindi di sicuro non \u00e8 malato. <\/i><\/span><\/strong><\/p>\n<p lang=\"zxx\" align=\"justify\"><span style=\"font-size: medium;\">Molti pazienti con DCA <strong>nascondono i loro sintomi o per vergogna<\/strong>, o perch\u00e9<strong> temono che qualcuno vorr\u00e0 fermarli<\/strong>. A volte solo <strong>piccoli segnali possono avvertirci che qualcosa non va<\/strong>: la sparizione di cibo dal frigorifero (nel caso di bulimia o binge eating disorder), la tendenza a scartare alcuni alimenti dalla dieta alludendo a motivi poco validi, un&#8217;attivit\u00e0 fisica man mano pi\u00f9 frequente e intensa. In caso di questi segnali, \u00e8 bene <strong>non far finta di niente<\/strong>, ma instaurare con il proprio\/a figlio\/a un dialogo e offrire supporto e comprensione. <\/span><\/p>\n<p lang=\"zxx\" align=\"justify\"><strong><span style=\"font-size: medium;\"><i>\u00c8 colpa mia se mio figlio\/a ha sviluppato un Disturbo Alimentare.<\/i><\/span><\/strong><\/p>\n<p lang=\"zxx\" align=\"justify\"><span style=\"font-size: medium;\"><strong>Non si pu\u00f2 parlare di &#8220;colpe&#8221;<\/strong> poich\u00e9 i genitori non vogliono certamente ferire volontariamente i propri figli. A volte si agisce in maniera sbagliata perch\u00e9 si cerca di tutelarli e proteggerli facendo quello che si ritiene meglio per loro. Nessuno \u00e8 perfetto, ma una volta <strong>riconosciuti i propri errori si pu\u00f2 fare del proprio meglio per correggerli<\/strong>. <\/span><\/p>\n<p lang=\"zxx\" align=\"justify\"><span style=\"font-size: medium;\">A volte, inoltre, <strong>le cause di un DCA vanno ricercate al di fuori della famiglia<\/strong>, e non sono da attribuire ai genitori. <\/span><\/p>\n<p lang=\"zxx\" align=\"justify\"><strong><span style=\"font-size: medium;\"><i>Ho un figlio maschio. Di sicuro non pu\u00f2 sviluppare un DCA.<\/i><\/span><\/strong><\/p>\n<p lang=\"zxx\" align=\"justify\"><span style=\"font-size: medium;\">Anche questo \u00e8 falso.<strong> L&#8217;incidenza e le diagnosi di DCA tra gli uomini \u00e8 in aumento<\/strong>, probabilmente perch\u00e9 sono meno restii ad ammettere di avere un problema e a farsi curare. Alcuni DCA emergenti, come l&#8217;<strong>ortoressia<\/strong>, sembrano inoltre pi\u00f9 frequenti nel sesso maschile che femminile.<\/span><\/p>\n<p lang=\"zxx\" align=\"justify\"><strong>Potrebbe interessarti anche:<br \/>\n<a href=\"http:\/\/dicanapoli.it\/en\/la-luce-in-fondo-al-tunnel-la-guarigione-familiare\/\" target=\"_blank\" rel=\"noopener\">La luce in fondo al tunnel: la guarigione familiare<br \/>\n<\/a><a href=\"http:\/\/dicanapoli.it\/en\/perche-mia-figlia-dalla-sofferenza-al-dolore\/\" target=\"_blank\" rel=\"noopener\">&#8220;Perch\u00e9 mia figlia?&#8221; &#8211; Dalla sofferenza al dolore<br \/>\n<\/a><\/strong><strong><a href=\"http:\/\/dicanapoli.it\/en\/i-disturbi-alimentari-e-il-dramma-dei-genitori\/\" target=\"_blank\" rel=\"noopener\">I Disturbi Alimentari e il dramma dei genitori<\/a><\/strong><\/p>","protected":false},"excerpt":{"rendered":"<p> [&hellip;]<\/p>\n","protected":false},"author":1,"featured_media":5968,"comment_status":"closed","ping_status":"open","sticky":false,"template":"","format":"standard","meta":{"footnotes":""},"categories":[44],"tags":[],"class_list":["post-1080","post","type-post","status-publish","format-standard","has-post-thumbnail","hentry","category-dica-articoli"],"yoast_head":"<!-- This site is optimized with the Yoast SEO plugin v27.4 - https:\/\/yoast.com\/product\/yoast-seo-wordpress\/ -->\n<title>6 RISPOSTE PER GENITORI DI PAZIENTI CON DCA - DiCA Napoli<\/title>\n<meta name=\"robots\" content=\"index, follow, max-snippet:-1, max-image-preview:large, max-video-preview:-1\" \/>\n<link rel=\"canonical\" href=\"https:\/\/dicanapoli.it\/en\/6-risposte-per-genitori-di-pazienti-con-dca\/\" \/>\n<meta property=\"og:locale\" content=\"en_US\" \/>\n<meta property=\"og:type\" content=\"article\" \/>\n<meta property=\"og:title\" content=\"6 RISPOSTE PER GENITORI DI PAZIENTI CON DCA - DiCA Napoli\" \/>\n<meta property=\"og:description\" content=\"[&hellip;]\" \/>\n<meta property=\"og:url\" content=\"https:\/\/dicanapoli.it\/en\/6-risposte-per-genitori-di-pazienti-con-dca\/\" \/>\n<meta property=\"og:site_name\" content=\"DiCA Napoli\" \/>\n<meta property=\"article:published_time\" content=\"2017-10-07T10:50:52+00:00\" \/>\n<meta property=\"article:modified_time\" content=\"2022-05-05T16:21:55+00:00\" \/>\n<meta property=\"og:image\" content=\"https:\/\/dicanapoli.it\/wp-content\/uploads\/2017\/10\/risposte-genitori-disturbi-alimentari.jpg\" \/>\n\t<meta property=\"og:image:width\" content=\"871\" \/>\n\t<meta property=\"og:image:height\" content=\"581\" \/>\n\t<meta property=\"og:image:type\" content=\"image\/jpeg\" \/>\n<meta name=\"author\" content=\"stefanoiovino\" \/>\n<meta name=\"twitter:card\" content=\"summary_large_image\" \/>\n<meta name=\"twitter:label1\" content=\"Written by\" \/>\n\t<meta name=\"twitter:data1\" content=\"stefanoiovino\" \/>\n\t<meta name=\"twitter:label2\" content=\"Est. reading time\" \/>\n\t<meta name=\"twitter:data2\" content=\"3 minutes\" \/>\n<script type=\"application\/ld+json\" class=\"yoast-schema-graph\">{\"@context\":\"https:\\\/\\\/schema.org\",\"@graph\":[{\"@type\":\"Article\",\"@id\":\"https:\\\/\\\/dicanapoli.it\\\/6-risposte-per-genitori-di-pazienti-con-dca\\\/#article\",\"isPartOf\":{\"@id\":\"https:\\\/\\\/dicanapoli.it\\\/6-risposte-per-genitori-di-pazienti-con-dca\\\/\"},\"author\":{\"name\":\"stefanoiovino\",\"@id\":\"https:\\\/\\\/dicanapoli.it\\\/#\\\/schema\\\/person\\\/dc15b5a37dcb2c71bbeb842d7b2f9570\"},\"headline\":\"6 RISPOSTE PER GENITORI DI PAZIENTI CON DCA\",\"datePublished\":\"2017-10-07T10:50:52+00:00\",\"dateModified\":\"2022-05-05T16:21:55+00:00\",\"mainEntityOfPage\":{\"@id\":\"https:\\\/\\\/dicanapoli.it\\\/6-risposte-per-genitori-di-pazienti-con-dca\\\/\"},\"wordCount\":602,\"image\":{\"@id\":\"https:\\\/\\\/dicanapoli.it\\\/6-risposte-per-genitori-di-pazienti-con-dca\\\/#primaryimage\"},\"thumbnailUrl\":\"https:\\\/\\\/dicanapoli.it\\\/wp-content\\\/uploads\\\/2017\\\/10\\\/risposte-genitori-disturbi-alimentari.jpg\",\"articleSection\":[\"Articoli\"],\"inLanguage\":\"en-US\"},{\"@type\":\"WebPage\",\"@id\":\"https:\\\/\\\/dicanapoli.it\\\/6-risposte-per-genitori-di-pazienti-con-dca\\\/\",\"url\":\"https:\\\/\\\/dicanapoli.it\\\/6-risposte-per-genitori-di-pazienti-con-dca\\\/\",\"name\":\"6 RISPOSTE PER GENITORI DI PAZIENTI CON DCA - DiCA Napoli\",\"isPartOf\":{\"@id\":\"https:\\\/\\\/dicanapoli.it\\\/#website\"},\"primaryImageOfPage\":{\"@id\":\"https:\\\/\\\/dicanapoli.it\\\/6-risposte-per-genitori-di-pazienti-con-dca\\\/#primaryimage\"},\"image\":{\"@id\":\"https:\\\/\\\/dicanapoli.it\\\/6-risposte-per-genitori-di-pazienti-con-dca\\\/#primaryimage\"},\"thumbnailUrl\":\"https:\\\/\\\/dicanapoli.it\\\/wp-content\\\/uploads\\\/2017\\\/10\\\/risposte-genitori-disturbi-alimentari.jpg\",\"datePublished\":\"2017-10-07T10:50:52+00:00\",\"dateModified\":\"2022-05-05T16:21:55+00:00\",\"author\":{\"@id\":\"https:\\\/\\\/dicanapoli.it\\\/#\\\/schema\\\/person\\\/dc15b5a37dcb2c71bbeb842d7b2f9570\"},\"breadcrumb\":{\"@id\":\"https:\\\/\\\/dicanapoli.it\\\/6-risposte-per-genitori-di-pazienti-con-dca\\\/#breadcrumb\"},\"inLanguage\":\"en-US\",\"potentialAction\":[{\"@type\":\"ReadAction\",\"target\":[\"https:\\\/\\\/dicanapoli.it\\\/6-risposte-per-genitori-di-pazienti-con-dca\\\/\"]}]},{\"@type\":\"ImageObject\",\"inLanguage\":\"en-US\",\"@id\":\"https:\\\/\\\/dicanapoli.it\\\/6-risposte-per-genitori-di-pazienti-con-dca\\\/#primaryimage\",\"url\":\"https:\\\/\\\/dicanapoli.it\\\/wp-content\\\/uploads\\\/2017\\\/10\\\/risposte-genitori-disturbi-alimentari.jpg\",\"contentUrl\":\"https:\\\/\\\/dicanapoli.it\\\/wp-content\\\/uploads\\\/2017\\\/10\\\/risposte-genitori-disturbi-alimentari.jpg\",\"width\":871,\"height\":581},{\"@type\":\"BreadcrumbList\",\"@id\":\"https:\\\/\\\/dicanapoli.it\\\/6-risposte-per-genitori-di-pazienti-con-dca\\\/#breadcrumb\",\"itemListElement\":[{\"@type\":\"ListItem\",\"position\":1,\"name\":\"Home\",\"item\":\"https:\\\/\\\/dicanapoli.it\\\/\"},{\"@type\":\"ListItem\",\"position\":2,\"name\":\"6 RISPOSTE PER GENITORI DI PAZIENTI CON DCA\"}]},{\"@type\":\"WebSite\",\"@id\":\"https:\\\/\\\/dicanapoli.it\\\/#website\",\"url\":\"https:\\\/\\\/dicanapoli.it\\\/\",\"name\":\"DiCA Napoli\",\"description\":\"Disturbi del Comportamento Alimentare\",\"potentialAction\":[{\"@type\":\"SearchAction\",\"target\":{\"@type\":\"EntryPoint\",\"urlTemplate\":\"https:\\\/\\\/dicanapoli.it\\\/?s={search_term_string}\"},\"query-input\":{\"@type\":\"PropertyValueSpecification\",\"valueRequired\":true,\"valueName\":\"search_term_string\"}}],\"inLanguage\":\"en-US\"},{\"@type\":\"Person\",\"@id\":\"https:\\\/\\\/dicanapoli.it\\\/#\\\/schema\\\/person\\\/dc15b5a37dcb2c71bbeb842d7b2f9570\",\"name\":\"stefanoiovino\",\"image\":{\"@type\":\"ImageObject\",\"inLanguage\":\"en-US\",\"@id\":\"https:\\\/\\\/secure.gravatar.com\\\/avatar\\\/fe41eb9be5e388b1b943cb1fd5fa655f024eed13e115518b8a5e0dfae437c6e5?s=96&d=mm&r=g\",\"url\":\"https:\\\/\\\/secure.gravatar.com\\\/avatar\\\/fe41eb9be5e388b1b943cb1fd5fa655f024eed13e115518b8a5e0dfae437c6e5?s=96&d=mm&r=g\",\"contentUrl\":\"https:\\\/\\\/secure.gravatar.com\\\/avatar\\\/fe41eb9be5e388b1b943cb1fd5fa655f024eed13e115518b8a5e0dfae437c6e5?s=96&d=mm&r=g\",\"caption\":\"stefanoiovino\"},\"sameAs\":[\"https:\\\/\\\/dicanapoli.it\"],\"url\":\"http:\\\/\\\/dicanapoli.it\\\/en\\\/author\\\/stefanoiovino\\\/\"}]}<\/script>\n<!-- \/ Yoast SEO plugin. -->","yoast_head_json":{"title":"6 RISPOSTE PER GENITORI DI PAZIENTI CON DCA - DiCA Napoli","robots":{"index":"index","follow":"follow","max-snippet":"max-snippet:-1","max-image-preview":"max-image-preview:large","max-video-preview":"max-video-preview:-1"},"canonical":"https:\/\/dicanapoli.it\/en\/6-risposte-per-genitori-di-pazienti-con-dca\/","og_locale":"en_US","og_type":"article","og_title":"6 RISPOSTE PER GENITORI DI PAZIENTI CON DCA - DiCA Napoli","og_description":"[&hellip;]","og_url":"https:\/\/dicanapoli.it\/en\/6-risposte-per-genitori-di-pazienti-con-dca\/","og_site_name":"DiCA Napoli","article_published_time":"2017-10-07T10:50:52+00:00","article_modified_time":"2022-05-05T16:21:55+00:00","og_image":[{"width":871,"height":581,"url":"https:\/\/dicanapoli.it\/wp-content\/uploads\/2017\/10\/risposte-genitori-disturbi-alimentari.jpg","type":"image\/jpeg"}],"author":"stefanoiovino","twitter_card":"summary_large_image","twitter_misc":{"Written by":"stefanoiovino","Est. reading time":"3 minutes"},"schema":{"@context":"https:\/\/schema.org","@graph":[{"@type":"Article","@id":"https:\/\/dicanapoli.it\/6-risposte-per-genitori-di-pazienti-con-dca\/#article","isPartOf":{"@id":"https:\/\/dicanapoli.it\/6-risposte-per-genitori-di-pazienti-con-dca\/"},"author":{"name":"stefanoiovino","@id":"https:\/\/dicanapoli.it\/#\/schema\/person\/dc15b5a37dcb2c71bbeb842d7b2f9570"},"headline":"6 RISPOSTE PER GENITORI DI PAZIENTI CON DCA","datePublished":"2017-10-07T10:50:52+00:00","dateModified":"2022-05-05T16:21:55+00:00","mainEntityOfPage":{"@id":"https:\/\/dicanapoli.it\/6-risposte-per-genitori-di-pazienti-con-dca\/"},"wordCount":602,"image":{"@id":"https:\/\/dicanapoli.it\/6-risposte-per-genitori-di-pazienti-con-dca\/#primaryimage"},"thumbnailUrl":"https:\/\/dicanapoli.it\/wp-content\/uploads\/2017\/10\/risposte-genitori-disturbi-alimentari.jpg","articleSection":["Articoli"],"inLanguage":"en-US"},{"@type":"WebPage","@id":"https:\/\/dicanapoli.it\/6-risposte-per-genitori-di-pazienti-con-dca\/","url":"https:\/\/dicanapoli.it\/6-risposte-per-genitori-di-pazienti-con-dca\/","name":"6 RISPOSTE PER GENITORI DI PAZIENTI CON DCA - DiCA Napoli","isPartOf":{"@id":"https:\/\/dicanapoli.it\/#website"},"primaryImageOfPage":{"@id":"https:\/\/dicanapoli.it\/6-risposte-per-genitori-di-pazienti-con-dca\/#primaryimage"},"image":{"@id":"https:\/\/dicanapoli.it\/6-risposte-per-genitori-di-pazienti-con-dca\/#primaryimage"},"thumbnailUrl":"https:\/\/dicanapoli.it\/wp-content\/uploads\/2017\/10\/risposte-genitori-disturbi-alimentari.jpg","datePublished":"2017-10-07T10:50:52+00:00","dateModified":"2022-05-05T16:21:55+00:00","author":{"@id":"https:\/\/dicanapoli.it\/#\/schema\/person\/dc15b5a37dcb2c71bbeb842d7b2f9570"},"breadcrumb":{"@id":"https:\/\/dicanapoli.it\/6-risposte-per-genitori-di-pazienti-con-dca\/#breadcrumb"},"inLanguage":"en-US","potentialAction":[{"@type":"ReadAction","target":["https:\/\/dicanapoli.it\/6-risposte-per-genitori-di-pazienti-con-dca\/"]}]},{"@type":"ImageObject","inLanguage":"en-US","@id":"https:\/\/dicanapoli.it\/6-risposte-per-genitori-di-pazienti-con-dca\/#primaryimage","url":"https:\/\/dicanapoli.it\/wp-content\/uploads\/2017\/10\/risposte-genitori-disturbi-alimentari.jpg","contentUrl":"https:\/\/dicanapoli.it\/wp-content\/uploads\/2017\/10\/risposte-genitori-disturbi-alimentari.jpg","width":871,"height":581},{"@type":"BreadcrumbList","@id":"https:\/\/dicanapoli.it\/6-risposte-per-genitori-di-pazienti-con-dca\/#breadcrumb","itemListElement":[{"@type":"ListItem","position":1,"name":"Home","item":"https:\/\/dicanapoli.it\/"},{"@type":"ListItem","position":2,"name":"6 RISPOSTE PER GENITORI DI PAZIENTI CON DCA"}]},{"@type":"WebSite","@id":"https:\/\/dicanapoli.it\/#website","url":"https:\/\/dicanapoli.it\/","name":"DiCA Napoli","description":"Disturbi del Comportamento Alimentare","potentialAction":[{"@type":"SearchAction","target":{"@type":"EntryPoint","urlTemplate":"https:\/\/dicanapoli.it\/?s={search_term_string}"},"query-input":{"@type":"PropertyValueSpecification","valueRequired":true,"valueName":"search_term_string"}}],"inLanguage":"en-US"},{"@type":"Person","@id":"https:\/\/dicanapoli.it\/#\/schema\/person\/dc15b5a37dcb2c71bbeb842d7b2f9570","name":"stefanoiovino","image":{"@type":"ImageObject","inLanguage":"en-US","@id":"https:\/\/secure.gravatar.com\/avatar\/fe41eb9be5e388b1b943cb1fd5fa655f024eed13e115518b8a5e0dfae437c6e5?s=96&d=mm&r=g","url":"https:\/\/secure.gravatar.com\/avatar\/fe41eb9be5e388b1b943cb1fd5fa655f024eed13e115518b8a5e0dfae437c6e5?s=96&d=mm&r=g","contentUrl":"https:\/\/secure.gravatar.com\/avatar\/fe41eb9be5e388b1b943cb1fd5fa655f024eed13e115518b8a5e0dfae437c6e5?s=96&d=mm&r=g","caption":"stefanoiovino"},"sameAs":["https:\/\/dicanapoli.it"],"url":"http:\/\/dicanapoli.it\/en\/author\/stefanoiovino\/"}]}},"_links":{"self":[{"href":"http:\/\/dicanapoli.it\/en\/wp-json\/wp\/v2\/posts\/1080","targetHints":{"allow":["GET"]}}],"collection":[{"href":"http:\/\/dicanapoli.it\/en\/wp-json\/wp\/v2\/posts"}],"about":[{"href":"http:\/\/dicanapoli.it\/en\/wp-json\/wp\/v2\/types\/post"}],"author":[{"embeddable":true,"href":"http:\/\/dicanapoli.it\/en\/wp-json\/wp\/v2\/users\/1"}],"replies":[{"embeddable":true,"href":"http:\/\/dicanapoli.it\/en\/wp-json\/wp\/v2\/comments?post=1080"}],"version-history":[{"count":2,"href":"http:\/\/dicanapoli.it\/en\/wp-json\/wp\/v2\/posts\/1080\/revisions"}],"predecessor-version":[{"id":5967,"href":"http:\/\/dicanapoli.it\/en\/wp-json\/wp\/v2\/posts\/1080\/revisions\/5967"}],"wp:featuredmedia":[{"embeddable":true,"href":"http:\/\/dicanapoli.it\/en\/wp-json\/wp\/v2\/media\/5968"}],"wp:attachment":[{"href":"http:\/\/dicanapoli.it\/en\/wp-json\/wp\/v2\/media?parent=1080"}],"wp:term":[{"taxonomy":"category","embeddable":true,"href":"http:\/\/dicanapoli.it\/en\/wp-json\/wp\/v2\/categories?post=1080"},{"taxonomy":"post_tag","embeddable":true,"href":"http:\/\/dicanapoli.it\/en\/wp-json\/wp\/v2\/tags?post=1080"}],"curies":[{"name":"wp","href":"https:\/\/api.w.org\/{rel}","templated":true}]}}